{"id":805,"date":"2024-12-11T08:48:56","date_gmt":"2024-12-11T07:48:56","guid":{"rendered":"https:\/\/swissdatacommunity.ch\/?p=805"},"modified":"2025-04-17T09:58:19","modified_gmt":"2025-04-17T07:58:19","slug":"le-2e-swiss-community-day-on-data-a-eu-lieu-805","status":"publish","type":"post","link":"https:\/\/swissdatacommunity.ch\/fr\/le-2e-swiss-community-day-on-data-a-eu-lieu-805\/","title":{"rendered":"Le 2e Swiss CommUNITY Day on Data a eu lieu"},"content":{"rendered":"","protected":false},"excerpt":{"rendered":"<p>L\u2019Office f\u00e9d\u00e9ral de la statistique (OFS) a organis\u00e9 son deuxi\u00e8me Swiss Community Day on Data en collaboration avec la ville de Berne et l\u2019Administration Num\u00e9rique Suisse (ANS).<\/p>\n","protected":false},"author":2,"featured_media":820,"comment_status":"closed","ping_status":"closed","sticky":false,"template":"","format":"standard","meta":{"footnotes":""},"categories":[80],"tags":[],"class_list":["post-805","post","type-post","status-publish","format-standard","has-post-thumbnail","hentry","category-actualites"],"yoast_head":"<!-- This site is optimized with the Yoast SEO plugin v27.5 - https:\/\/yoast.com\/product\/yoast-seo-wordpress\/ -->\n<title>Le 2e Swiss CommUNITY Day on Data a eu lieu - swissdatacommunity.ch<\/title>\n<meta name=\"robots\" content=\"index, follow, max-snippet:-1, max-image-preview:large, max-video-preview:-1\" \/>\n<link rel=\"canonical\" href=\"https:\/\/swissdatacommunity.ch\/fr\/le-2e-swiss-community-day-on-data-a-eu-lieu-805\/\" \/>\n<meta property=\"og:locale\" content=\"fr_FR\" \/>\n<meta property=\"og:type\" content=\"article\" \/>\n<meta property=\"og:title\" content=\"Le 2e Swiss CommUNITY Day on Data a eu lieu - swissdatacommunity.ch\" \/>\n<meta property=\"og:description\" content=\"L\u2019Office f\u00e9d\u00e9ral de la statistique (OFS) a organis\u00e9 son deuxi\u00e8me Swiss Community Day on Data en collaboration avec la ville de Berne et l\u2019Administration Num\u00e9rique Suisse (ANS).\" \/>\n<meta property=\"og:url\" content=\"https:\/\/swissdatacommunity.ch\/fr\/le-2e-swiss-community-day-on-data-a-eu-lieu-805\/\" \/>\n<meta property=\"og:site_name\" content=\"swissdatacommunity.ch\" \/>\n<meta property=\"article:published_time\" content=\"2024-12-11T07:48:56+00:00\" \/>\n<meta property=\"article:modified_time\" content=\"2025-04-17T07:58:19+00:00\" \/>\n<meta property=\"og:image\" content=\"https:\/\/swissdatacommunity.ch\/wp-content\/uploads\/2024\/07\/Sketch-Solutions-Graphic-Recording-OFS-Swiss-CommUNITY-Day-on-Data-matin-1200x800.png\" \/>\n\t<meta property=\"og:image:width\" content=\"1200\" \/>\n\t<meta property=\"og:image:height\" content=\"800\" \/>\n\t<meta property=\"og:image:type\" content=\"image\/png\" \/>\n<meta name=\"author\" content=\"Lisa Segesta\" \/>\n<meta name=\"twitter:card\" content=\"summary_large_image\" \/>\n<meta name=\"twitter:label1\" content=\"\u00c9crit par\" \/>\n\t<meta name=\"twitter:data1\" content=\"Lisa Segesta\" \/>\n\t<meta name=\"twitter:label2\" content=\"Dur\u00e9e de lecture estim\u00e9e\" \/>\n\t<meta name=\"twitter:data2\" content=\"1 minute\" \/>\n<script type=\"application\/ld+json\" class=\"yoast-schema-graph\">{\"@context\":\"https:\\\/\\\/schema.org\",\"@graph\":[{\"@type\":\"Article\",\"@id\":\"https:\\\/\\\/swissdatacommunity.ch\\\/fr\\\/le-2e-swiss-community-day-on-data-a-eu-lieu-805\\\/#article\",\"isPartOf\":{\"@id\":\"https:\\\/\\\/swissdatacommunity.ch\\\/fr\\\/le-2e-swiss-community-day-on-data-a-eu-lieu-805\\\/\"},\"author\":{\"name\":\"Lisa Segesta\",\"@id\":\"https:\\\/\\\/swissdatacommunity.ch\\\/fr\\\/#\\\/schema\\\/person\\\/7aa2a96c02b0b8fac5483355df8e996f\"},\"headline\":\"Le 2e Swiss CommUNITY Day on Data a eu lieu\",\"datePublished\":\"2024-12-11T07:48:56+00:00\",\"dateModified\":\"2025-04-17T07:58:19+00:00\",\"mainEntityOfPage\":{\"@id\":\"https:\\\/\\\/swissdatacommunity.ch\\\/fr\\\/le-2e-swiss-community-day-on-data-a-eu-lieu-805\\\/\"},\"wordCount\":10,\"image\":{\"@id\":\"https:\\\/\\\/swissdatacommunity.ch\\\/fr\\\/le-2e-swiss-community-day-on-data-a-eu-lieu-805\\\/#primaryimage\"},\"thumbnailUrl\":\"https:\\\/\\\/swissdatacommunity.ch\\\/wp-content\\\/uploads\\\/2024\\\/07\\\/Sketch-Solutions-Graphic-Recording-OFS-Swiss-CommUNITY-Day-on-Data-matin.png\",\"articleSection\":[\"Actualit\u00e9s\"],\"inLanguage\":\"fr-FR\"},{\"@type\":\"WebPage\",\"@id\":\"https:\\\/\\\/swissdatacommunity.ch\\\/fr\\\/le-2e-swiss-community-day-on-data-a-eu-lieu-805\\\/\",\"url\":\"https:\\\/\\\/swissdatacommunity.ch\\\/fr\\\/le-2e-swiss-community-day-on-data-a-eu-lieu-805\\\/\",\"name\":\"Le 2e Swiss CommUNITY Day on Data a eu lieu - swissdatacommunity.ch\",\"isPartOf\":{\"@id\":\"https:\\\/\\\/swissdatacommunity.ch\\\/fr\\\/#website\"},\"primaryImageOfPage\":{\"@id\":\"https:\\\/\\\/swissdatacommunity.ch\\\/fr\\\/le-2e-swiss-community-day-on-data-a-eu-lieu-805\\\/#primaryimage\"},\"image\":{\"@id\":\"https:\\\/\\\/swissdatacommunity.ch\\\/fr\\\/le-2e-swiss-community-day-on-data-a-eu-lieu-805\\\/#primaryimage\"},\"thumbnailUrl\":\"https:\\\/\\\/swissdatacommunity.ch\\\/wp-content\\\/uploads\\\/2024\\\/07\\\/Sketch-Solutions-Graphic-Recording-OFS-Swiss-CommUNITY-Day-on-Data-matin.png\",\"datePublished\":\"2024-12-11T07:48:56+00:00\",\"dateModified\":\"2025-04-17T07:58:19+00:00\",\"author\":{\"@id\":\"https:\\\/\\\/swissdatacommunity.ch\\\/fr\\\/#\\\/schema\\\/person\\\/7aa2a96c02b0b8fac5483355df8e996f\"},\"breadcrumb\":{\"@id\":\"https:\\\/\\\/swissdatacommunity.ch\\\/fr\\\/le-2e-swiss-community-day-on-data-a-eu-lieu-805\\\/#breadcrumb\"},\"inLanguage\":\"fr-FR\",\"potentialAction\":[{\"@type\":\"ReadAction\",\"target\":[\"https:\\\/\\\/swissdatacommunity.ch\\\/fr\\\/le-2e-swiss-community-day-on-data-a-eu-lieu-805\\\/\"]}]},{\"@type\":\"ImageObject\",\"inLanguage\":\"fr-FR\",\"@id\":\"https:\\\/\\\/swissdatacommunity.ch\\\/fr\\\/le-2e-swiss-community-day-on-data-a-eu-lieu-805\\\/#primaryimage\",\"url\":\"https:\\\/\\\/swissdatacommunity.ch\\\/wp-content\\\/uploads\\\/2024\\\/07\\\/Sketch-Solutions-Graphic-Recording-OFS-Swiss-CommUNITY-Day-on-Data-matin.png\",\"contentUrl\":\"https:\\\/\\\/swissdatacommunity.ch\\\/wp-content\\\/uploads\\\/2024\\\/07\\\/Sketch-Solutions-Graphic-Recording-OFS-Swiss-CommUNITY-Day-on-Data-matin.png\",\"width\":6000,\"height\":4000},{\"@type\":\"BreadcrumbList\",\"@id\":\"https:\\\/\\\/swissdatacommunity.ch\\\/fr\\\/le-2e-swiss-community-day-on-data-a-eu-lieu-805\\\/#breadcrumb\",\"itemListElement\":[{\"@type\":\"ListItem\",\"position\":1,\"name\":\"Home\",\"item\":\"https:\\\/\\\/swissdatacommunity.ch\\\/fr\\\/\"},{\"@type\":\"ListItem\",\"position\":2,\"name\":\"Le 2e Swiss CommUNITY Day on Data a eu lieu\"}]},{\"@type\":\"WebSite\",\"@id\":\"https:\\\/\\\/swissdatacommunity.ch\\\/fr\\\/#website\",\"url\":\"https:\\\/\\\/swissdatacommunity.ch\\\/fr\\\/\",\"name\":\"swissdatacommUNITY\",\"description\":\"\",\"potentialAction\":[{\"@type\":\"SearchAction\",\"target\":{\"@type\":\"EntryPoint\",\"urlTemplate\":\"https:\\\/\\\/swissdatacommunity.ch\\\/fr\\\/?s={search_term_string}\"},\"query-input\":{\"@type\":\"PropertyValueSpecification\",\"valueRequired\":true,\"valueName\":\"search_term_string\"}}],\"inLanguage\":\"fr-FR\"},{\"@type\":\"Person\",\"@id\":\"https:\\\/\\\/swissdatacommunity.ch\\\/fr\\\/#\\\/schema\\\/person\\\/7aa2a96c02b0b8fac5483355df8e996f\",\"name\":\"Lisa Segesta\",\"url\":\"https:\\\/\\\/swissdatacommunity.ch\\\/fr\\\/author\\\/lisa-segesta\\\/\"}]}<\/script>\n<!-- \/ Yoast SEO plugin. -->","yoast_head_json":{"title":"Le 2e Swiss CommUNITY Day on Data a eu lieu - swissdatacommunity.ch","robots":{"index":"index","follow":"follow","max-snippet":"max-snippet:-1","max-image-preview":"max-image-preview:large","max-video-preview":"max-video-preview:-1"},"canonical":"https:\/\/swissdatacommunity.ch\/fr\/le-2e-swiss-community-day-on-data-a-eu-lieu-805\/","og_locale":"fr_FR","og_type":"article","og_title":"Le 2e Swiss CommUNITY Day on Data a eu lieu - swissdatacommunity.ch","og_description":"L\u2019Office f\u00e9d\u00e9ral de la statistique (OFS) a organis\u00e9 son deuxi\u00e8me Swiss Community Day on Data en collaboration avec la ville de Berne et l\u2019Administration Num\u00e9rique Suisse (ANS).","og_url":"https:\/\/swissdatacommunity.ch\/fr\/le-2e-swiss-community-day-on-data-a-eu-lieu-805\/","og_site_name":"swissdatacommunity.ch","article_published_time":"2024-12-11T07:48:56+00:00","article_modified_time":"2025-04-17T07:58:19+00:00","og_image":[{"width":1200,"height":800,"url":"https:\/\/swissdatacommunity.ch\/wp-content\/uploads\/2024\/07\/Sketch-Solutions-Graphic-Recording-OFS-Swiss-CommUNITY-Day-on-Data-matin-1200x800.png","type":"image\/png"}],"author":"Lisa Segesta","twitter_card":"summary_large_image","twitter_misc":{"\u00c9crit par":"Lisa Segesta","Dur\u00e9e de lecture estim\u00e9e":"1 minute"},"schema":{"@context":"https:\/\/schema.org","@graph":[{"@type":"Article","@id":"https:\/\/swissdatacommunity.ch\/fr\/le-2e-swiss-community-day-on-data-a-eu-lieu-805\/#article","isPartOf":{"@id":"https:\/\/swissdatacommunity.ch\/fr\/le-2e-swiss-community-day-on-data-a-eu-lieu-805\/"},"author":{"name":"Lisa Segesta","@id":"https:\/\/swissdatacommunity.ch\/fr\/#\/schema\/person\/7aa2a96c02b0b8fac5483355df8e996f"},"headline":"Le 2e Swiss CommUNITY Day on Data a eu lieu","datePublished":"2024-12-11T07:48:56+00:00","dateModified":"2025-04-17T07:58:19+00:00","mainEntityOfPage":{"@id":"https:\/\/swissdatacommunity.ch\/fr\/le-2e-swiss-community-day-on-data-a-eu-lieu-805\/"},"wordCount":10,"image":{"@id":"https:\/\/swissdatacommunity.ch\/fr\/le-2e-swiss-community-day-on-data-a-eu-lieu-805\/#primaryimage"},"thumbnailUrl":"https:\/\/swissdatacommunity.ch\/wp-content\/uploads\/2024\/07\/Sketch-Solutions-Graphic-Recording-OFS-Swiss-CommUNITY-Day-on-Data-matin.png","articleSection":["Actualit\u00e9s"],"inLanguage":"fr-FR"},{"@type":"WebPage","@id":"https:\/\/swissdatacommunity.ch\/fr\/le-2e-swiss-community-day-on-data-a-eu-lieu-805\/","url":"https:\/\/swissdatacommunity.ch\/fr\/le-2e-swiss-community-day-on-data-a-eu-lieu-805\/","name":"Le 2e Swiss CommUNITY Day on Data a eu lieu - swissdatacommunity.ch","isPartOf":{"@id":"https:\/\/swissdatacommunity.ch\/fr\/#website"},"primaryImageOfPage":{"@id":"https:\/\/swissdatacommunity.ch\/fr\/le-2e-swiss-community-day-on-data-a-eu-lieu-805\/#primaryimage"},"image":{"@id":"https:\/\/swissdatacommunity.ch\/fr\/le-2e-swiss-community-day-on-data-a-eu-lieu-805\/#primaryimage"},"thumbnailUrl":"https:\/\/swissdatacommunity.ch\/wp-content\/uploads\/2024\/07\/Sketch-Solutions-Graphic-Recording-OFS-Swiss-CommUNITY-Day-on-Data-matin.png","datePublished":"2024-12-11T07:48:56+00:00","dateModified":"2025-04-17T07:58:19+00:00","author":{"@id":"https:\/\/swissdatacommunity.ch\/fr\/#\/schema\/person\/7aa2a96c02b0b8fac5483355df8e996f"},"breadcrumb":{"@id":"https:\/\/swissdatacommunity.ch\/fr\/le-2e-swiss-community-day-on-data-a-eu-lieu-805\/#breadcrumb"},"inLanguage":"fr-FR","potentialAction":[{"@type":"ReadAction","target":["https:\/\/swissdatacommunity.ch\/fr\/le-2e-swiss-community-day-on-data-a-eu-lieu-805\/"]}]},{"@type":"ImageObject","inLanguage":"fr-FR","@id":"https:\/\/swissdatacommunity.ch\/fr\/le-2e-swiss-community-day-on-data-a-eu-lieu-805\/#primaryimage","url":"https:\/\/swissdatacommunity.ch\/wp-content\/uploads\/2024\/07\/Sketch-Solutions-Graphic-Recording-OFS-Swiss-CommUNITY-Day-on-Data-matin.png","contentUrl":"https:\/\/swissdatacommunity.ch\/wp-content\/uploads\/2024\/07\/Sketch-Solutions-Graphic-Recording-OFS-Swiss-CommUNITY-Day-on-Data-matin.png","width":6000,"height":4000},{"@type":"BreadcrumbList","@id":"https:\/\/swissdatacommunity.ch\/fr\/le-2e-swiss-community-day-on-data-a-eu-lieu-805\/#breadcrumb","itemListElement":[{"@type":"ListItem","position":1,"name":"Home","item":"https:\/\/swissdatacommunity.ch\/fr\/"},{"@type":"ListItem","position":2,"name":"Le 2e Swiss CommUNITY Day on Data a eu lieu"}]},{"@type":"WebSite","@id":"https:\/\/swissdatacommunity.ch\/fr\/#website","url":"https:\/\/swissdatacommunity.ch\/fr\/","name":"swissdatacommUNITY","description":"","potentialAction":[{"@type":"SearchAction","target":{"@type":"EntryPoint","urlTemplate":"https:\/\/swissdatacommunity.ch\/fr\/?s={search_term_string}"},"query-input":{"@type":"PropertyValueSpecification","valueRequired":true,"valueName":"search_term_string"}}],"inLanguage":"fr-FR"},{"@type":"Person","@id":"https:\/\/swissdatacommunity.ch\/fr\/#\/schema\/person\/7aa2a96c02b0b8fac5483355df8e996f","name":"Lisa Segesta","url":"https:\/\/swissdatacommunity.ch\/fr\/author\/lisa-segesta\/"}]}},"_links":{"self":[{"href":"https:\/\/swissdatacommunity.ch\/fr\/wp-json\/wp\/v2\/posts\/805","targetHints":{"allow":["GET"]}}],"collection":[{"href":"https:\/\/swissdatacommunity.ch\/fr\/wp-json\/wp\/v2\/posts"}],"about":[{"href":"https:\/\/swissdatacommunity.ch\/fr\/wp-json\/wp\/v2\/types\/post"}],"author":[{"embeddable":true,"href":"https:\/\/swissdatacommunity.ch\/fr\/wp-json\/wp\/v2\/users\/2"}],"replies":[{"embeddable":true,"href":"https:\/\/swissdatacommunity.ch\/fr\/wp-json\/wp\/v2\/comments?post=805"}],"version-history":[{"count":5,"href":"https:\/\/swissdatacommunity.ch\/fr\/wp-json\/wp\/v2\/posts\/805\/revisions"}],"predecessor-version":[{"id":830,"href":"https:\/\/swissdatacommunity.ch\/fr\/wp-json\/wp\/v2\/posts\/805\/revisions\/830"}],"wp:featuredmedia":[{"embeddable":true,"href":"https:\/\/swissdatacommunity.ch\/fr\/wp-json\/wp\/v2\/media\/820"}],"wp:attachment":[{"href":"https:\/\/swissdatacommunity.ch\/fr\/wp-json\/wp\/v2\/media?parent=805"}],"wp:term":[{"taxonomy":"category","embeddable":true,"href":"https:\/\/swissdatacommunity.ch\/fr\/wp-json\/wp\/v2\/categories?post=805"},{"taxonomy":"post_tag","embeddable":true,"href":"https:\/\/swissdatacommunity.ch\/fr\/wp-json\/wp\/v2\/tags?post=805"}],"curies":[{"name":"wp","href":"https:\/\/api.w.org\/{rel}","templated":true}]}}