{"id":576,"date":"2023-12-04T20:46:25","date_gmt":"2023-12-04T19:46:25","guid":{"rendered":"https:\/\/swissdatacommunity.ch\/der-erste-swiss-community-day-on-data\/"},"modified":"2025-04-17T09:50:46","modified_gmt":"2025-04-17T07:50:46","slug":"premier-swisscommunity-day-on-data","status":"publish","type":"post","link":"https:\/\/swissdatacommunity.ch\/fr\/premier-swisscommunity-day-on-data\/","title":{"rendered":"Le premier Swiss CommUNITY Day on Data s\u2019est d\u00e9roul\u00e9 avec succ\u00e8s"},"content":{"rendered":"","protected":false},"excerpt":{"rendered":"<p>L\u2019Office f\u00e9d\u00e9ral de la statistique (OFS) a organis\u00e9 la premi\u00e8re \u00e9dition du Swiss Community Day on Data en collaboration avec le canton de Zurich et l\u2019Administration Num\u00e9rique Suisse (ANS).<\/p>\n","protected":false},"author":1,"featured_media":557,"comment_status":"closed","ping_status":"closed","sticky":false,"template":"","format":"standard","meta":{"footnotes":""},"categories":[80],"tags":[],"class_list":["post-576","post","type-post","status-publish","format-standard","has-post-thumbnail","hentry","category-actualites"],"yoast_head":"<!-- This site is optimized with the Yoast SEO plugin v27.5 - https:\/\/yoast.com\/product\/yoast-seo-wordpress\/ -->\n<title>Le premier Swiss CommUNITY Day on Data s\u2019est d\u00e9roul\u00e9 avec succ\u00e8s - swissdatacommunity.ch<\/title>\n<meta name=\"robots\" content=\"index, follow, max-snippet:-1, max-image-preview:large, max-video-preview:-1\" \/>\n<link rel=\"canonical\" href=\"https:\/\/swissdatacommunity.ch\/fr\/premier-swisscommunity-day-on-data\/\" \/>\n<meta property=\"og:locale\" content=\"fr_FR\" \/>\n<meta property=\"og:type\" content=\"article\" \/>\n<meta property=\"og:title\" content=\"Le premier Swiss CommUNITY Day on Data s\u2019est d\u00e9roul\u00e9 avec succ\u00e8s - swissdatacommunity.ch\" \/>\n<meta property=\"og:description\" content=\"L\u2019Office f\u00e9d\u00e9ral de la statistique (OFS) a organis\u00e9 la premi\u00e8re \u00e9dition du Swiss Community Day on Data en collaboration avec le canton de Zurich et l\u2019Administration Num\u00e9rique Suisse (ANS).\" \/>\n<meta property=\"og:url\" content=\"https:\/\/swissdatacommunity.ch\/fr\/premier-swisscommunity-day-on-data\/\" \/>\n<meta property=\"og:site_name\" content=\"swissdatacommunity.ch\" \/>\n<meta property=\"article:published_time\" content=\"2023-12-04T19:46:25+00:00\" \/>\n<meta property=\"article:modified_time\" content=\"2025-04-17T07:50:46+00:00\" \/>\n<meta property=\"og:image\" content=\"https:\/\/swissdatacommunity.ch\/wp-content\/uploads\/2023\/12\/swissdatacommunity-dayondata-01.jpg\" \/>\n\t<meta property=\"og:image:width\" content=\"1024\" \/>\n\t<meta property=\"og:image:height\" content=\"771\" \/>\n\t<meta property=\"og:image:type\" content=\"image\/jpeg\" \/>\n<meta name=\"author\" content=\"admin\" \/>\n<meta name=\"twitter:card\" content=\"summary_large_image\" \/>\n<meta name=\"twitter:label1\" content=\"\u00c9crit par\" \/>\n\t<meta name=\"twitter:data1\" content=\"admin\" \/>\n\t<meta name=\"twitter:label2\" content=\"Dur\u00e9e de lecture estim\u00e9e\" \/>\n\t<meta name=\"twitter:data2\" content=\"1 minute\" \/>\n<script type=\"application\/ld+json\" class=\"yoast-schema-graph\">{\"@context\":\"https:\\\/\\\/schema.org\",\"@graph\":[{\"@type\":\"Article\",\"@id\":\"https:\\\/\\\/swissdatacommunity.ch\\\/fr\\\/premier-swisscommunity-day-on-data\\\/#article\",\"isPartOf\":{\"@id\":\"https:\\\/\\\/swissdatacommunity.ch\\\/fr\\\/premier-swisscommunity-day-on-data\\\/\"},\"author\":{\"name\":\"admin\",\"@id\":\"https:\\\/\\\/swissdatacommunity.ch\\\/fr\\\/#\\\/schema\\\/person\\\/adb10fcae33bcebc2e455c8eb5f57906\"},\"headline\":\"Le premier Swiss CommUNITY Day on Data s\u2019est d\u00e9roul\u00e9 avec succ\u00e8s\",\"datePublished\":\"2023-12-04T19:46:25+00:00\",\"dateModified\":\"2025-04-17T07:50:46+00:00\",\"mainEntityOfPage\":{\"@id\":\"https:\\\/\\\/swissdatacommunity.ch\\\/fr\\\/premier-swisscommunity-day-on-data\\\/\"},\"wordCount\":14,\"image\":{\"@id\":\"https:\\\/\\\/swissdatacommunity.ch\\\/fr\\\/premier-swisscommunity-day-on-data\\\/#primaryimage\"},\"thumbnailUrl\":\"https:\\\/\\\/swissdatacommunity.ch\\\/wp-content\\\/uploads\\\/2023\\\/12\\\/swissdatacommunity-dayondata-01.jpg\",\"articleSection\":[\"Actualit\u00e9s\"],\"inLanguage\":\"fr-FR\"},{\"@type\":\"WebPage\",\"@id\":\"https:\\\/\\\/swissdatacommunity.ch\\\/fr\\\/premier-swisscommunity-day-on-data\\\/\",\"url\":\"https:\\\/\\\/swissdatacommunity.ch\\\/fr\\\/premier-swisscommunity-day-on-data\\\/\",\"name\":\"Le premier Swiss CommUNITY Day on Data s\u2019est d\u00e9roul\u00e9 avec succ\u00e8s - swissdatacommunity.ch\",\"isPartOf\":{\"@id\":\"https:\\\/\\\/swissdatacommunity.ch\\\/fr\\\/#website\"},\"primaryImageOfPage\":{\"@id\":\"https:\\\/\\\/swissdatacommunity.ch\\\/fr\\\/premier-swisscommunity-day-on-data\\\/#primaryimage\"},\"image\":{\"@id\":\"https:\\\/\\\/swissdatacommunity.ch\\\/fr\\\/premier-swisscommunity-day-on-data\\\/#primaryimage\"},\"thumbnailUrl\":\"https:\\\/\\\/swissdatacommunity.ch\\\/wp-content\\\/uploads\\\/2023\\\/12\\\/swissdatacommunity-dayondata-01.jpg\",\"datePublished\":\"2023-12-04T19:46:25+00:00\",\"dateModified\":\"2025-04-17T07:50:46+00:00\",\"author\":{\"@id\":\"https:\\\/\\\/swissdatacommunity.ch\\\/fr\\\/#\\\/schema\\\/person\\\/adb10fcae33bcebc2e455c8eb5f57906\"},\"breadcrumb\":{\"@id\":\"https:\\\/\\\/swissdatacommunity.ch\\\/fr\\\/premier-swisscommunity-day-on-data\\\/#breadcrumb\"},\"inLanguage\":\"fr-FR\",\"potentialAction\":[{\"@type\":\"ReadAction\",\"target\":[\"https:\\\/\\\/swissdatacommunity.ch\\\/fr\\\/premier-swisscommunity-day-on-data\\\/\"]}]},{\"@type\":\"ImageObject\",\"inLanguage\":\"fr-FR\",\"@id\":\"https:\\\/\\\/swissdatacommunity.ch\\\/fr\\\/premier-swisscommunity-day-on-data\\\/#primaryimage\",\"url\":\"https:\\\/\\\/swissdatacommunity.ch\\\/wp-content\\\/uploads\\\/2023\\\/12\\\/swissdatacommunity-dayondata-01.jpg\",\"contentUrl\":\"https:\\\/\\\/swissdatacommunity.ch\\\/wp-content\\\/uploads\\\/2023\\\/12\\\/swissdatacommunity-dayondata-01.jpg\",\"width\":1024,\"height\":771,\"caption\":\"swissdatacommUNITY - Day on Data\"},{\"@type\":\"BreadcrumbList\",\"@id\":\"https:\\\/\\\/swissdatacommunity.ch\\\/fr\\\/premier-swisscommunity-day-on-data\\\/#breadcrumb\",\"itemListElement\":[{\"@type\":\"ListItem\",\"position\":1,\"name\":\"Home\",\"item\":\"https:\\\/\\\/swissdatacommunity.ch\\\/fr\\\/\"},{\"@type\":\"ListItem\",\"position\":2,\"name\":\"Le premier Swiss CommUNITY Day on Data s\u2019est d\u00e9roul\u00e9 avec succ\u00e8s\"}]},{\"@type\":\"WebSite\",\"@id\":\"https:\\\/\\\/swissdatacommunity.ch\\\/fr\\\/#website\",\"url\":\"https:\\\/\\\/swissdatacommunity.ch\\\/fr\\\/\",\"name\":\"swissdatacommUNITY\",\"description\":\"\",\"potentialAction\":[{\"@type\":\"SearchAction\",\"target\":{\"@type\":\"EntryPoint\",\"urlTemplate\":\"https:\\\/\\\/swissdatacommunity.ch\\\/fr\\\/?s={search_term_string}\"},\"query-input\":{\"@type\":\"PropertyValueSpecification\",\"valueRequired\":true,\"valueName\":\"search_term_string\"}}],\"inLanguage\":\"fr-FR\"},{\"@type\":\"Person\",\"@id\":\"https:\\\/\\\/swissdatacommunity.ch\\\/fr\\\/#\\\/schema\\\/person\\\/adb10fcae33bcebc2e455c8eb5f57906\",\"name\":\"admin\",\"sameAs\":[\"https:\\\/\\\/swissdatacommunity.ch\"],\"url\":\"https:\\\/\\\/swissdatacommunity.ch\\\/fr\\\/author\\\/ag67m4o6zrw\\\/\"}]}<\/script>\n<!-- \/ Yoast SEO plugin. -->","yoast_head_json":{"title":"Le premier Swiss CommUNITY Day on Data s\u2019est d\u00e9roul\u00e9 avec succ\u00e8s - swissdatacommunity.ch","robots":{"index":"index","follow":"follow","max-snippet":"max-snippet:-1","max-image-preview":"max-image-preview:large","max-video-preview":"max-video-preview:-1"},"canonical":"https:\/\/swissdatacommunity.ch\/fr\/premier-swisscommunity-day-on-data\/","og_locale":"fr_FR","og_type":"article","og_title":"Le premier Swiss CommUNITY Day on Data s\u2019est d\u00e9roul\u00e9 avec succ\u00e8s - swissdatacommunity.ch","og_description":"L\u2019Office f\u00e9d\u00e9ral de la statistique (OFS) a organis\u00e9 la premi\u00e8re \u00e9dition du Swiss Community Day on Data en collaboration avec le canton de Zurich et l\u2019Administration Num\u00e9rique Suisse (ANS).","og_url":"https:\/\/swissdatacommunity.ch\/fr\/premier-swisscommunity-day-on-data\/","og_site_name":"swissdatacommunity.ch","article_published_time":"2023-12-04T19:46:25+00:00","article_modified_time":"2025-04-17T07:50:46+00:00","og_image":[{"width":1024,"height":771,"url":"https:\/\/swissdatacommunity.ch\/wp-content\/uploads\/2023\/12\/swissdatacommunity-dayondata-01.jpg","type":"image\/jpeg"}],"author":"admin","twitter_card":"summary_large_image","twitter_misc":{"\u00c9crit par":"admin","Dur\u00e9e de lecture estim\u00e9e":"1 minute"},"schema":{"@context":"https:\/\/schema.org","@graph":[{"@type":"Article","@id":"https:\/\/swissdatacommunity.ch\/fr\/premier-swisscommunity-day-on-data\/#article","isPartOf":{"@id":"https:\/\/swissdatacommunity.ch\/fr\/premier-swisscommunity-day-on-data\/"},"author":{"name":"admin","@id":"https:\/\/swissdatacommunity.ch\/fr\/#\/schema\/person\/adb10fcae33bcebc2e455c8eb5f57906"},"headline":"Le premier Swiss CommUNITY Day on Data s\u2019est d\u00e9roul\u00e9 avec succ\u00e8s","datePublished":"2023-12-04T19:46:25+00:00","dateModified":"2025-04-17T07:50:46+00:00","mainEntityOfPage":{"@id":"https:\/\/swissdatacommunity.ch\/fr\/premier-swisscommunity-day-on-data\/"},"wordCount":14,"image":{"@id":"https:\/\/swissdatacommunity.ch\/fr\/premier-swisscommunity-day-on-data\/#primaryimage"},"thumbnailUrl":"https:\/\/swissdatacommunity.ch\/wp-content\/uploads\/2023\/12\/swissdatacommunity-dayondata-01.jpg","articleSection":["Actualit\u00e9s"],"inLanguage":"fr-FR"},{"@type":"WebPage","@id":"https:\/\/swissdatacommunity.ch\/fr\/premier-swisscommunity-day-on-data\/","url":"https:\/\/swissdatacommunity.ch\/fr\/premier-swisscommunity-day-on-data\/","name":"Le premier Swiss CommUNITY Day on Data s\u2019est d\u00e9roul\u00e9 avec succ\u00e8s - swissdatacommunity.ch","isPartOf":{"@id":"https:\/\/swissdatacommunity.ch\/fr\/#website"},"primaryImageOfPage":{"@id":"https:\/\/swissdatacommunity.ch\/fr\/premier-swisscommunity-day-on-data\/#primaryimage"},"image":{"@id":"https:\/\/swissdatacommunity.ch\/fr\/premier-swisscommunity-day-on-data\/#primaryimage"},"thumbnailUrl":"https:\/\/swissdatacommunity.ch\/wp-content\/uploads\/2023\/12\/swissdatacommunity-dayondata-01.jpg","datePublished":"2023-12-04T19:46:25+00:00","dateModified":"2025-04-17T07:50:46+00:00","author":{"@id":"https:\/\/swissdatacommunity.ch\/fr\/#\/schema\/person\/adb10fcae33bcebc2e455c8eb5f57906"},"breadcrumb":{"@id":"https:\/\/swissdatacommunity.ch\/fr\/premier-swisscommunity-day-on-data\/#breadcrumb"},"inLanguage":"fr-FR","potentialAction":[{"@type":"ReadAction","target":["https:\/\/swissdatacommunity.ch\/fr\/premier-swisscommunity-day-on-data\/"]}]},{"@type":"ImageObject","inLanguage":"fr-FR","@id":"https:\/\/swissdatacommunity.ch\/fr\/premier-swisscommunity-day-on-data\/#primaryimage","url":"https:\/\/swissdatacommunity.ch\/wp-content\/uploads\/2023\/12\/swissdatacommunity-dayondata-01.jpg","contentUrl":"https:\/\/swissdatacommunity.ch\/wp-content\/uploads\/2023\/12\/swissdatacommunity-dayondata-01.jpg","width":1024,"height":771,"caption":"swissdatacommUNITY - Day on Data"},{"@type":"BreadcrumbList","@id":"https:\/\/swissdatacommunity.ch\/fr\/premier-swisscommunity-day-on-data\/#breadcrumb","itemListElement":[{"@type":"ListItem","position":1,"name":"Home","item":"https:\/\/swissdatacommunity.ch\/fr\/"},{"@type":"ListItem","position":2,"name":"Le premier Swiss CommUNITY Day on Data s\u2019est d\u00e9roul\u00e9 avec succ\u00e8s"}]},{"@type":"WebSite","@id":"https:\/\/swissdatacommunity.ch\/fr\/#website","url":"https:\/\/swissdatacommunity.ch\/fr\/","name":"swissdatacommUNITY","description":"","potentialAction":[{"@type":"SearchAction","target":{"@type":"EntryPoint","urlTemplate":"https:\/\/swissdatacommunity.ch\/fr\/?s={search_term_string}"},"query-input":{"@type":"PropertyValueSpecification","valueRequired":true,"valueName":"search_term_string"}}],"inLanguage":"fr-FR"},{"@type":"Person","@id":"https:\/\/swissdatacommunity.ch\/fr\/#\/schema\/person\/adb10fcae33bcebc2e455c8eb5f57906","name":"admin","sameAs":["https:\/\/swissdatacommunity.ch"],"url":"https:\/\/swissdatacommunity.ch\/fr\/author\/ag67m4o6zrw\/"}]}},"_links":{"self":[{"href":"https:\/\/swissdatacommunity.ch\/fr\/wp-json\/wp\/v2\/posts\/576","targetHints":{"allow":["GET"]}}],"collection":[{"href":"https:\/\/swissdatacommunity.ch\/fr\/wp-json\/wp\/v2\/posts"}],"about":[{"href":"https:\/\/swissdatacommunity.ch\/fr\/wp-json\/wp\/v2\/types\/post"}],"author":[{"embeddable":true,"href":"https:\/\/swissdatacommunity.ch\/fr\/wp-json\/wp\/v2\/users\/1"}],"replies":[{"embeddable":true,"href":"https:\/\/swissdatacommunity.ch\/fr\/wp-json\/wp\/v2\/comments?post=576"}],"version-history":[{"count":3,"href":"https:\/\/swissdatacommunity.ch\/fr\/wp-json\/wp\/v2\/posts\/576\/revisions"}],"predecessor-version":[{"id":585,"href":"https:\/\/swissdatacommunity.ch\/fr\/wp-json\/wp\/v2\/posts\/576\/revisions\/585"}],"wp:featuredmedia":[{"embeddable":true,"href":"https:\/\/swissdatacommunity.ch\/fr\/wp-json\/wp\/v2\/media\/557"}],"wp:attachment":[{"href":"https:\/\/swissdatacommunity.ch\/fr\/wp-json\/wp\/v2\/media?parent=576"}],"wp:term":[{"taxonomy":"category","embeddable":true,"href":"https:\/\/swissdatacommunity.ch\/fr\/wp-json\/wp\/v2\/categories?post=576"},{"taxonomy":"post_tag","embeddable":true,"href":"https:\/\/swissdatacommunity.ch\/fr\/wp-json\/wp\/v2\/tags?post=576"}],"curies":[{"name":"wp","href":"https:\/\/api.w.org\/{rel}","templated":true}]}}