{"id":1088,"date":"2025-09-24T13:49:13","date_gmt":"2025-09-24T11:49:13","guid":{"rendered":"https:\/\/swissdatacommunity.ch\/?p=1088"},"modified":"2025-09-24T13:52:20","modified_gmt":"2025-09-24T11:52:20","slug":"journees-suisses-de-la-statistique-2025-prolongation-du-delai-pour-les-inscriptions-1088","status":"publish","type":"post","link":"https:\/\/swissdatacommunity.ch\/fr\/journees-suisses-de-la-statistique-2025-prolongation-du-delai-pour-les-inscriptions-1088\/","title":{"rendered":"Journ\u00e9es Suisses de la statistique 2025: Prolongation du d\u00e9lai pour les inscriptions"},"content":{"rendered":"","protected":false},"excerpt":{"rendered":"<p>L\u2019inscription aux Journ\u00e9es suisse de la statistique 2025 est ouverte jusqu\u2019au 10 octobre 2025. Nous nous r\u00e9jouissons de vous y retrouver.<\/p>\n","protected":false},"author":2,"featured_media":1013,"comment_status":"closed","ping_status":"closed","sticky":false,"template":"","format":"standard","meta":{"footnotes":""},"categories":[80],"tags":[],"class_list":["post-1088","post","type-post","status-publish","format-standard","has-post-thumbnail","hentry","category-actualites"],"yoast_head":"<!-- This site is optimized with the Yoast SEO plugin v27.5 - https:\/\/yoast.com\/product\/yoast-seo-wordpress\/ -->\n<title>Journ\u00e9es Suisses de la statistique 2025: Prolongation du d\u00e9lai pour les inscriptions - swissdatacommunity.ch<\/title>\n<meta name=\"robots\" content=\"index, follow, max-snippet:-1, max-image-preview:large, max-video-preview:-1\" \/>\n<link rel=\"canonical\" href=\"https:\/\/swissdatacommunity.ch\/fr\/journees-suisses-de-la-statistique-2025-prolongation-du-delai-pour-les-inscriptions-1088\/\" \/>\n<meta property=\"og:locale\" content=\"fr_FR\" \/>\n<meta property=\"og:type\" content=\"article\" \/>\n<meta property=\"og:title\" content=\"Journ\u00e9es Suisses de la statistique 2025: Prolongation du d\u00e9lai pour les inscriptions - swissdatacommunity.ch\" \/>\n<meta property=\"og:description\" content=\"L\u2019inscription aux Journ\u00e9es suisse de la statistique 2025 est ouverte jusqu\u2019au 10 octobre 2025. Nous nous r\u00e9jouissons de vous y retrouver.\" \/>\n<meta property=\"og:url\" content=\"https:\/\/swissdatacommunity.ch\/fr\/journees-suisses-de-la-statistique-2025-prolongation-du-delai-pour-les-inscriptions-1088\/\" \/>\n<meta property=\"og:site_name\" content=\"swissdatacommunity.ch\" \/>\n<meta property=\"article:published_time\" content=\"2025-09-24T11:49:13+00:00\" \/>\n<meta property=\"article:modified_time\" content=\"2025-09-24T11:52:20+00:00\" \/>\n<meta property=\"og:image\" content=\"https:\/\/swissdatacommunity.ch\/wp-content\/uploads\/2025\/04\/GE_Unimail.jpg\" \/>\n\t<meta property=\"og:image:width\" content=\"1107\" \/>\n\t<meta property=\"og:image:height\" content=\"831\" \/>\n\t<meta property=\"og:image:type\" content=\"image\/jpeg\" \/>\n<meta name=\"author\" content=\"Lisa Segesta\" \/>\n<meta name=\"twitter:card\" content=\"summary_large_image\" \/>\n<meta name=\"twitter:label1\" content=\"\u00c9crit par\" \/>\n\t<meta name=\"twitter:data1\" content=\"Lisa Segesta\" \/>\n\t<meta name=\"twitter:label2\" content=\"Dur\u00e9e de lecture estim\u00e9e\" \/>\n\t<meta name=\"twitter:data2\" content=\"1 minute\" \/>\n<script type=\"application\/ld+json\" class=\"yoast-schema-graph\">{\"@context\":\"https:\\\/\\\/schema.org\",\"@graph\":[{\"@type\":\"Article\",\"@id\":\"https:\\\/\\\/swissdatacommunity.ch\\\/fr\\\/journees-suisses-de-la-statistique-2025-prolongation-du-delai-pour-les-inscriptions-1088\\\/#article\",\"isPartOf\":{\"@id\":\"https:\\\/\\\/swissdatacommunity.ch\\\/fr\\\/journees-suisses-de-la-statistique-2025-prolongation-du-delai-pour-les-inscriptions-1088\\\/\"},\"author\":{\"name\":\"Lisa Segesta\",\"@id\":\"https:\\\/\\\/swissdatacommunity.ch\\\/fr\\\/#\\\/schema\\\/person\\\/7aa2a96c02b0b8fac5483355df8e996f\"},\"headline\":\"Journ\u00e9es Suisses de la statistique 2025: Prolongation du d\u00e9lai pour les inscriptions\",\"datePublished\":\"2025-09-24T11:49:13+00:00\",\"dateModified\":\"2025-09-24T11:52:20+00:00\",\"mainEntityOfPage\":{\"@id\":\"https:\\\/\\\/swissdatacommunity.ch\\\/fr\\\/journees-suisses-de-la-statistique-2025-prolongation-du-delai-pour-les-inscriptions-1088\\\/\"},\"wordCount\":13,\"image\":{\"@id\":\"https:\\\/\\\/swissdatacommunity.ch\\\/fr\\\/journees-suisses-de-la-statistique-2025-prolongation-du-delai-pour-les-inscriptions-1088\\\/#primaryimage\"},\"thumbnailUrl\":\"https:\\\/\\\/swissdatacommunity.ch\\\/wp-content\\\/uploads\\\/2025\\\/04\\\/GE_Unimail.jpg\",\"articleSection\":[\"Actualit\u00e9s\"],\"inLanguage\":\"fr-FR\"},{\"@type\":\"WebPage\",\"@id\":\"https:\\\/\\\/swissdatacommunity.ch\\\/fr\\\/journees-suisses-de-la-statistique-2025-prolongation-du-delai-pour-les-inscriptions-1088\\\/\",\"url\":\"https:\\\/\\\/swissdatacommunity.ch\\\/fr\\\/journees-suisses-de-la-statistique-2025-prolongation-du-delai-pour-les-inscriptions-1088\\\/\",\"name\":\"Journ\u00e9es Suisses de la statistique 2025: Prolongation du d\u00e9lai pour les inscriptions - swissdatacommunity.ch\",\"isPartOf\":{\"@id\":\"https:\\\/\\\/swissdatacommunity.ch\\\/fr\\\/#website\"},\"primaryImageOfPage\":{\"@id\":\"https:\\\/\\\/swissdatacommunity.ch\\\/fr\\\/journees-suisses-de-la-statistique-2025-prolongation-du-delai-pour-les-inscriptions-1088\\\/#primaryimage\"},\"image\":{\"@id\":\"https:\\\/\\\/swissdatacommunity.ch\\\/fr\\\/journees-suisses-de-la-statistique-2025-prolongation-du-delai-pour-les-inscriptions-1088\\\/#primaryimage\"},\"thumbnailUrl\":\"https:\\\/\\\/swissdatacommunity.ch\\\/wp-content\\\/uploads\\\/2025\\\/04\\\/GE_Unimail.jpg\",\"datePublished\":\"2025-09-24T11:49:13+00:00\",\"dateModified\":\"2025-09-24T11:52:20+00:00\",\"author\":{\"@id\":\"https:\\\/\\\/swissdatacommunity.ch\\\/fr\\\/#\\\/schema\\\/person\\\/7aa2a96c02b0b8fac5483355df8e996f\"},\"breadcrumb\":{\"@id\":\"https:\\\/\\\/swissdatacommunity.ch\\\/fr\\\/journees-suisses-de-la-statistique-2025-prolongation-du-delai-pour-les-inscriptions-1088\\\/#breadcrumb\"},\"inLanguage\":\"fr-FR\",\"potentialAction\":[{\"@type\":\"ReadAction\",\"target\":[\"https:\\\/\\\/swissdatacommunity.ch\\\/fr\\\/journees-suisses-de-la-statistique-2025-prolongation-du-delai-pour-les-inscriptions-1088\\\/\"]}]},{\"@type\":\"ImageObject\",\"inLanguage\":\"fr-FR\",\"@id\":\"https:\\\/\\\/swissdatacommunity.ch\\\/fr\\\/journees-suisses-de-la-statistique-2025-prolongation-du-delai-pour-les-inscriptions-1088\\\/#primaryimage\",\"url\":\"https:\\\/\\\/swissdatacommunity.ch\\\/wp-content\\\/uploads\\\/2025\\\/04\\\/GE_Unimail.jpg\",\"contentUrl\":\"https:\\\/\\\/swissdatacommunity.ch\\\/wp-content\\\/uploads\\\/2025\\\/04\\\/GE_Unimail.jpg\",\"width\":1107,\"height\":831},{\"@type\":\"BreadcrumbList\",\"@id\":\"https:\\\/\\\/swissdatacommunity.ch\\\/fr\\\/journees-suisses-de-la-statistique-2025-prolongation-du-delai-pour-les-inscriptions-1088\\\/#breadcrumb\",\"itemListElement\":[{\"@type\":\"ListItem\",\"position\":1,\"name\":\"Home\",\"item\":\"https:\\\/\\\/swissdatacommunity.ch\\\/fr\\\/\"},{\"@type\":\"ListItem\",\"position\":2,\"name\":\"Journ\u00e9es Suisses de la statistique 2025: Prolongation du d\u00e9lai pour les inscriptions\"}]},{\"@type\":\"WebSite\",\"@id\":\"https:\\\/\\\/swissdatacommunity.ch\\\/fr\\\/#website\",\"url\":\"https:\\\/\\\/swissdatacommunity.ch\\\/fr\\\/\",\"name\":\"swissdatacommUNITY\",\"description\":\"\",\"potentialAction\":[{\"@type\":\"SearchAction\",\"target\":{\"@type\":\"EntryPoint\",\"urlTemplate\":\"https:\\\/\\\/swissdatacommunity.ch\\\/fr\\\/?s={search_term_string}\"},\"query-input\":{\"@type\":\"PropertyValueSpecification\",\"valueRequired\":true,\"valueName\":\"search_term_string\"}}],\"inLanguage\":\"fr-FR\"},{\"@type\":\"Person\",\"@id\":\"https:\\\/\\\/swissdatacommunity.ch\\\/fr\\\/#\\\/schema\\\/person\\\/7aa2a96c02b0b8fac5483355df8e996f\",\"name\":\"Lisa Segesta\",\"url\":\"https:\\\/\\\/swissdatacommunity.ch\\\/fr\\\/author\\\/lisa-segesta\\\/\"}]}<\/script>\n<!-- \/ Yoast SEO plugin. -->","yoast_head_json":{"title":"Journ\u00e9es Suisses de la statistique 2025: Prolongation du d\u00e9lai pour les inscriptions - swissdatacommunity.ch","robots":{"index":"index","follow":"follow","max-snippet":"max-snippet:-1","max-image-preview":"max-image-preview:large","max-video-preview":"max-video-preview:-1"},"canonical":"https:\/\/swissdatacommunity.ch\/fr\/journees-suisses-de-la-statistique-2025-prolongation-du-delai-pour-les-inscriptions-1088\/","og_locale":"fr_FR","og_type":"article","og_title":"Journ\u00e9es Suisses de la statistique 2025: Prolongation du d\u00e9lai pour les inscriptions - swissdatacommunity.ch","og_description":"L\u2019inscription aux Journ\u00e9es suisse de la statistique 2025 est ouverte jusqu\u2019au 10 octobre 2025. Nous nous r\u00e9jouissons de vous y retrouver.","og_url":"https:\/\/swissdatacommunity.ch\/fr\/journees-suisses-de-la-statistique-2025-prolongation-du-delai-pour-les-inscriptions-1088\/","og_site_name":"swissdatacommunity.ch","article_published_time":"2025-09-24T11:49:13+00:00","article_modified_time":"2025-09-24T11:52:20+00:00","og_image":[{"width":1107,"height":831,"url":"https:\/\/swissdatacommunity.ch\/wp-content\/uploads\/2025\/04\/GE_Unimail.jpg","type":"image\/jpeg"}],"author":"Lisa Segesta","twitter_card":"summary_large_image","twitter_misc":{"\u00c9crit par":"Lisa Segesta","Dur\u00e9e de lecture estim\u00e9e":"1 minute"},"schema":{"@context":"https:\/\/schema.org","@graph":[{"@type":"Article","@id":"https:\/\/swissdatacommunity.ch\/fr\/journees-suisses-de-la-statistique-2025-prolongation-du-delai-pour-les-inscriptions-1088\/#article","isPartOf":{"@id":"https:\/\/swissdatacommunity.ch\/fr\/journees-suisses-de-la-statistique-2025-prolongation-du-delai-pour-les-inscriptions-1088\/"},"author":{"name":"Lisa Segesta","@id":"https:\/\/swissdatacommunity.ch\/fr\/#\/schema\/person\/7aa2a96c02b0b8fac5483355df8e996f"},"headline":"Journ\u00e9es Suisses de la statistique 2025: Prolongation du d\u00e9lai pour les inscriptions","datePublished":"2025-09-24T11:49:13+00:00","dateModified":"2025-09-24T11:52:20+00:00","mainEntityOfPage":{"@id":"https:\/\/swissdatacommunity.ch\/fr\/journees-suisses-de-la-statistique-2025-prolongation-du-delai-pour-les-inscriptions-1088\/"},"wordCount":13,"image":{"@id":"https:\/\/swissdatacommunity.ch\/fr\/journees-suisses-de-la-statistique-2025-prolongation-du-delai-pour-les-inscriptions-1088\/#primaryimage"},"thumbnailUrl":"https:\/\/swissdatacommunity.ch\/wp-content\/uploads\/2025\/04\/GE_Unimail.jpg","articleSection":["Actualit\u00e9s"],"inLanguage":"fr-FR"},{"@type":"WebPage","@id":"https:\/\/swissdatacommunity.ch\/fr\/journees-suisses-de-la-statistique-2025-prolongation-du-delai-pour-les-inscriptions-1088\/","url":"https:\/\/swissdatacommunity.ch\/fr\/journees-suisses-de-la-statistique-2025-prolongation-du-delai-pour-les-inscriptions-1088\/","name":"Journ\u00e9es Suisses de la statistique 2025: Prolongation du d\u00e9lai pour les inscriptions - swissdatacommunity.ch","isPartOf":{"@id":"https:\/\/swissdatacommunity.ch\/fr\/#website"},"primaryImageOfPage":{"@id":"https:\/\/swissdatacommunity.ch\/fr\/journees-suisses-de-la-statistique-2025-prolongation-du-delai-pour-les-inscriptions-1088\/#primaryimage"},"image":{"@id":"https:\/\/swissdatacommunity.ch\/fr\/journees-suisses-de-la-statistique-2025-prolongation-du-delai-pour-les-inscriptions-1088\/#primaryimage"},"thumbnailUrl":"https:\/\/swissdatacommunity.ch\/wp-content\/uploads\/2025\/04\/GE_Unimail.jpg","datePublished":"2025-09-24T11:49:13+00:00","dateModified":"2025-09-24T11:52:20+00:00","author":{"@id":"https:\/\/swissdatacommunity.ch\/fr\/#\/schema\/person\/7aa2a96c02b0b8fac5483355df8e996f"},"breadcrumb":{"@id":"https:\/\/swissdatacommunity.ch\/fr\/journees-suisses-de-la-statistique-2025-prolongation-du-delai-pour-les-inscriptions-1088\/#breadcrumb"},"inLanguage":"fr-FR","potentialAction":[{"@type":"ReadAction","target":["https:\/\/swissdatacommunity.ch\/fr\/journees-suisses-de-la-statistique-2025-prolongation-du-delai-pour-les-inscriptions-1088\/"]}]},{"@type":"ImageObject","inLanguage":"fr-FR","@id":"https:\/\/swissdatacommunity.ch\/fr\/journees-suisses-de-la-statistique-2025-prolongation-du-delai-pour-les-inscriptions-1088\/#primaryimage","url":"https:\/\/swissdatacommunity.ch\/wp-content\/uploads\/2025\/04\/GE_Unimail.jpg","contentUrl":"https:\/\/swissdatacommunity.ch\/wp-content\/uploads\/2025\/04\/GE_Unimail.jpg","width":1107,"height":831},{"@type":"BreadcrumbList","@id":"https:\/\/swissdatacommunity.ch\/fr\/journees-suisses-de-la-statistique-2025-prolongation-du-delai-pour-les-inscriptions-1088\/#breadcrumb","itemListElement":[{"@type":"ListItem","position":1,"name":"Home","item":"https:\/\/swissdatacommunity.ch\/fr\/"},{"@type":"ListItem","position":2,"name":"Journ\u00e9es Suisses de la statistique 2025: Prolongation du d\u00e9lai pour les inscriptions"}]},{"@type":"WebSite","@id":"https:\/\/swissdatacommunity.ch\/fr\/#website","url":"https:\/\/swissdatacommunity.ch\/fr\/","name":"swissdatacommUNITY","description":"","potentialAction":[{"@type":"SearchAction","target":{"@type":"EntryPoint","urlTemplate":"https:\/\/swissdatacommunity.ch\/fr\/?s={search_term_string}"},"query-input":{"@type":"PropertyValueSpecification","valueRequired":true,"valueName":"search_term_string"}}],"inLanguage":"fr-FR"},{"@type":"Person","@id":"https:\/\/swissdatacommunity.ch\/fr\/#\/schema\/person\/7aa2a96c02b0b8fac5483355df8e996f","name":"Lisa Segesta","url":"https:\/\/swissdatacommunity.ch\/fr\/author\/lisa-segesta\/"}]}},"_links":{"self":[{"href":"https:\/\/swissdatacommunity.ch\/fr\/wp-json\/wp\/v2\/posts\/1088","targetHints":{"allow":["GET"]}}],"collection":[{"href":"https:\/\/swissdatacommunity.ch\/fr\/wp-json\/wp\/v2\/posts"}],"about":[{"href":"https:\/\/swissdatacommunity.ch\/fr\/wp-json\/wp\/v2\/types\/post"}],"author":[{"embeddable":true,"href":"https:\/\/swissdatacommunity.ch\/fr\/wp-json\/wp\/v2\/users\/2"}],"replies":[{"embeddable":true,"href":"https:\/\/swissdatacommunity.ch\/fr\/wp-json\/wp\/v2\/comments?post=1088"}],"version-history":[{"count":2,"href":"https:\/\/swissdatacommunity.ch\/fr\/wp-json\/wp\/v2\/posts\/1088\/revisions"}],"predecessor-version":[{"id":1091,"href":"https:\/\/swissdatacommunity.ch\/fr\/wp-json\/wp\/v2\/posts\/1088\/revisions\/1091"}],"wp:featuredmedia":[{"embeddable":true,"href":"https:\/\/swissdatacommunity.ch\/fr\/wp-json\/wp\/v2\/media\/1013"}],"wp:attachment":[{"href":"https:\/\/swissdatacommunity.ch\/fr\/wp-json\/wp\/v2\/media?parent=1088"}],"wp:term":[{"taxonomy":"category","embeddable":true,"href":"https:\/\/swissdatacommunity.ch\/fr\/wp-json\/wp\/v2\/categories?post=1088"},{"taxonomy":"post_tag","embeddable":true,"href":"https:\/\/swissdatacommunity.ch\/fr\/wp-json\/wp\/v2\/tags?post=1088"}],"curies":[{"name":"wp","href":"https:\/\/api.w.org\/{rel}","templated":true}]}}